{"id":530,"date":"2004-06-29T20:50:00","date_gmt":"2004-06-29T20:50:00","guid":{"rendered":"https:\/\/crocc.org\/?p=530"},"modified":"2023-03-02T21:00:04","modified_gmt":"2023-03-02T21:00:04","slug":"celebrate-canada-day-2004","status":"publish","type":"post","link":"https:\/\/crocc.org\/en\/celebrate-canada-day-2004\/","title":{"rendered":"Celebrate Canada Day 2004"},"content":{"rendered":"\n<figure class=\"wp-block-image size-large\"><img loading=\"lazy\" decoding=\"async\" width=\"622\" height=\"1024\" src=\"https:\/\/crocc.org\/wp-content\/uploads\/2023\/03\/IMG_9926-622x1024.jpg\" alt=\"\" class=\"wp-image-531\" srcset=\"https:\/\/crocc.org\/wp-content\/uploads\/2023\/03\/IMG_9926-622x1024.jpg 622w, https:\/\/crocc.org\/wp-content\/uploads\/2023\/03\/IMG_9926-182x300.jpg 182w, https:\/\/crocc.org\/wp-content\/uploads\/2023\/03\/IMG_9926-768x1265.jpg 768w, https:\/\/crocc.org\/wp-content\/uploads\/2023\/03\/IMG_9926-932x1536.jpg 932w, https:\/\/crocc.org\/wp-content\/uploads\/2023\/03\/IMG_9926-1243x2048.jpg 1243w, https:\/\/crocc.org\/wp-content\/uploads\/2023\/03\/IMG_9926-7x12.jpg 7w, https:\/\/crocc.org\/wp-content\/uploads\/2023\/03\/IMG_9926-scaled.jpg 1554w\" sizes=\"auto, (max-width: 622px) 100vw, 622px\" \/><\/figure>\n\n\n\n<figure class=\"wp-block-image size-large\"><img loading=\"lazy\" decoding=\"async\" width=\"1024\" height=\"728\" src=\"https:\/\/crocc.org\/wp-content\/uploads\/2023\/03\/IMG_9927-1024x728.jpg\" alt=\"\" class=\"wp-image-532\" srcset=\"https:\/\/crocc.org\/wp-content\/uploads\/2023\/03\/IMG_9927-1024x728.jpg 1024w, https:\/\/crocc.org\/wp-content\/uploads\/2023\/03\/IMG_9927-300x213.jpg 300w, https:\/\/crocc.org\/wp-content\/uploads\/2023\/03\/IMG_9927-768x546.jpg 768w, https:\/\/crocc.org\/wp-content\/uploads\/2023\/03\/IMG_9927-1536x1092.jpg 1536w, https:\/\/crocc.org\/wp-content\/uploads\/2023\/03\/IMG_9927-2048x1457.jpg 2048w, https:\/\/crocc.org\/wp-content\/uploads\/2023\/03\/IMG_9927-18x12.jpg 18w\" sizes=\"auto, (max-width: 767px) 89vw, (max-width: 1000px) 54vw, (max-width: 1071px) 543px, 580px\" \/><figcaption class=\"wp-element-caption\"><strong>Gore, Dragica Pe\u0161t, Ivan Curman, Danica Tu\u0111en<br>Sredina, Nogometni suci, Ivan Curman, Jose Fraguas, Joe Hrgovi\u0107<br>Dolje, Pave \u0106ikes Ivan Curman Rudi Tu\u0111en<\/strong><\/figcaption><\/figure>\n","protected":false},"excerpt":{"rendered":"","protected":false},"author":3,"featured_media":0,"comment_status":"open","ping_status":"open","sticky":false,"template":"","format":"standard","meta":{"footnotes":""},"categories":[12,5],"tags":[],"class_list":["post-530","post","type-post","status-publish","format-standard","hentry","category-canadian-croatian-congress","category-kanadsko-hrvatski-kongres"],"_links":{"self":[{"href":"https:\/\/crocc.org\/en\/wp-json\/wp\/v2\/posts\/530","targetHints":{"allow":["GET"]}}],"collection":[{"href":"https:\/\/crocc.org\/en\/wp-json\/wp\/v2\/posts"}],"about":[{"href":"https:\/\/crocc.org\/en\/wp-json\/wp\/v2\/types\/post"}],"author":[{"embeddable":true,"href":"https:\/\/crocc.org\/en\/wp-json\/wp\/v2\/users\/3"}],"replies":[{"embeddable":true,"href":"https:\/\/crocc.org\/en\/wp-json\/wp\/v2\/comments?post=530"}],"version-history":[{"count":1,"href":"https:\/\/crocc.org\/en\/wp-json\/wp\/v2\/posts\/530\/revisions"}],"predecessor-version":[{"id":533,"href":"https:\/\/crocc.org\/en\/wp-json\/wp\/v2\/posts\/530\/revisions\/533"}],"wp:attachment":[{"href":"https:\/\/crocc.org\/en\/wp-json\/wp\/v2\/media?parent=530"}],"wp:term":[{"taxonomy":"category","embeddable":true,"href":"https:\/\/crocc.org\/en\/wp-json\/wp\/v2\/categories?post=530"},{"taxonomy":"post_tag","embeddable":true,"href":"https:\/\/crocc.org\/en\/wp-json\/wp\/v2\/tags?post=530"}],"curies":[{"name":"wp","href":"https:\/\/api.w.org\/{rel}","templated":true}]}}